{"id":863,"date":"2024-03-17T10:00:00","date_gmt":"2024-03-17T09:00:00","guid":{"rendered":"http:\/\/wir-sind-merklinde.de\/?p=863"},"modified":"2024-03-17T13:47:43","modified_gmt":"2024-03-17T12:47:43","slug":"traditionelles-merklinder-osterfeuer","status":"publish","type":"post","link":"https:\/\/wir-sind-merklinde.de\/?p=863","title":{"rendered":"Traditionelles Merklinder Osterfeuer"},"content":{"rendered":"\n<p>Am <strong>30. M\u00e4rz 2024<\/strong> findet das traditionelle Merklinder Osterfeuer beim <strong>SuS Merklinde<\/strong> statt. Beginn ist 17 Uhr. <\/p>\n\n\n\n<p>Es ist ein Fest f\u00fcr die ganze Familie und Freunde. Mit Stockbrot f\u00fcr die Kinder, Getr\u00e4nke und leckeres vom Grill, ist f\u00fcr jeden etwas dabei.<\/p>\n\n\n\n<figure class=\"wp-block-image size-large\"><img loading=\"lazy\" decoding=\"async\" width=\"740\" height=\"1024\" src=\"https:\/\/wir-sind-merklinde.de\/wp-content\/uploads\/2022\/04\/ce2fe9d1-82e1-4596-b848-599f1b66665e-740x1024.jpg\" alt=\"Plakat Osterfeuer 2024\" class=\"wp-image-1411\" srcset=\"https:\/\/wir-sind-merklinde.de\/wp-content\/uploads\/2022\/04\/ce2fe9d1-82e1-4596-b848-599f1b66665e-740x1024.jpg 740w, https:\/\/wir-sind-merklinde.de\/wp-content\/uploads\/2022\/04\/ce2fe9d1-82e1-4596-b848-599f1b66665e-217x300.jpg 217w, https:\/\/wir-sind-merklinde.de\/wp-content\/uploads\/2022\/04\/ce2fe9d1-82e1-4596-b848-599f1b66665e-768x1063.jpg 768w, https:\/\/wir-sind-merklinde.de\/wp-content\/uploads\/2022\/04\/ce2fe9d1-82e1-4596-b848-599f1b66665e-1110x1536.jpg 1110w, https:\/\/wir-sind-merklinde.de\/wp-content\/uploads\/2022\/04\/ce2fe9d1-82e1-4596-b848-599f1b66665e-434x600.jpg 434w, https:\/\/wir-sind-merklinde.de\/wp-content\/uploads\/2022\/04\/ce2fe9d1-82e1-4596-b848-599f1b66665e.jpg 1170w\" sizes=\"auto, (max-width: 706px) 89vw, (max-width: 767px) 82vw, 740px\" \/><\/figure>\n","protected":false},"excerpt":{"rendered":"<p>Am 30. M\u00e4rz 2024 findet das traditionelle Merklinder Osterfeuer beim SuS Merklinde statt. Beginn ist 17 Uhr. Es ist ein Fest f\u00fcr die ganze Familie und Freunde. Mit Stockbrot f\u00fcr &hellip; <\/p>\n<p class=\"link-more\"><a href=\"https:\/\/wir-sind-merklinde.de\/?p=863\" class=\"more-link\"><span class=\"screen-reader-text\">\u201eTraditionelles Merklinder Osterfeuer\u201c <\/span>weiterlesen<\/a><\/p>\n","protected":false},"author":1,"featured_media":0,"comment_status":"closed","ping_status":"open","sticky":false,"template":"","format":"standard","meta":{"_jetpack_memberships_contains_paid_content":false,"footnotes":""},"categories":[1],"tags":[],"class_list":["post-863","post","type-post","status-publish","format-standard","hentry","category-allgemein"],"jetpack_featured_media_url":"","jetpack_sharing_enabled":true,"_links":{"self":[{"href":"https:\/\/wir-sind-merklinde.de\/index.php?rest_route=\/wp\/v2\/posts\/863","targetHints":{"allow":["GET"]}}],"collection":[{"href":"https:\/\/wir-sind-merklinde.de\/index.php?rest_route=\/wp\/v2\/posts"}],"about":[{"href":"https:\/\/wir-sind-merklinde.de\/index.php?rest_route=\/wp\/v2\/types\/post"}],"author":[{"embeddable":true,"href":"https:\/\/wir-sind-merklinde.de\/index.php?rest_route=\/wp\/v2\/users\/1"}],"replies":[{"embeddable":true,"href":"https:\/\/wir-sind-merklinde.de\/index.php?rest_route=%2Fwp%2Fv2%2Fcomments&post=863"}],"version-history":[{"count":8,"href":"https:\/\/wir-sind-merklinde.de\/index.php?rest_route=\/wp\/v2\/posts\/863\/revisions"}],"predecessor-version":[{"id":1412,"href":"https:\/\/wir-sind-merklinde.de\/index.php?rest_route=\/wp\/v2\/posts\/863\/revisions\/1412"}],"wp:attachment":[{"href":"https:\/\/wir-sind-merklinde.de\/index.php?rest_route=%2Fwp%2Fv2%2Fmedia&parent=863"}],"wp:term":[{"taxonomy":"category","embeddable":true,"href":"https:\/\/wir-sind-merklinde.de\/index.php?rest_route=%2Fwp%2Fv2%2Fcategories&post=863"},{"taxonomy":"post_tag","embeddable":true,"href":"https:\/\/wir-sind-merklinde.de\/index.php?rest_route=%2Fwp%2Fv2%2Ftags&post=863"}],"curies":[{"name":"wp","href":"https:\/\/api.w.org\/{rel}","templated":true}]}}