{"id":436,"date":"2025-03-08T08:55:00","date_gmt":"2025-03-08T07:55:00","guid":{"rendered":"http:\/\/wir-sind-merklinde.de\/?p=436"},"modified":"2025-03-10T09:36:57","modified_gmt":"2025-03-10T08:36:57","slug":"einladung-zum-dorfabend","status":"publish","type":"post","link":"https:\/\/wir-sind-merklinde.de\/?p=436","title":{"rendered":"Termin\u00fcbersicht f\u00fcr 2025 &#8211; 1. Halbjahr"},"content":{"rendered":"\n<p><span style=\"font-size: 1rem;\">Auch in 2025 finden <\/span>unsere regelm\u00e4\u00dfigen<span style=\"font-size: 1rem;\"> Dorfabende und unser KulturCaf\u00e9<\/span> <span style=\"font-size: 1rem;\">wieder statt. Diese Termine und weitere Termine und Veranstaltungen findet ihr in der Termin\u00fcbersicht.<\/span><\/p>\n\n\n\n<p><strong><span style=\"font-size: 1rem;\">Termine f\u00fcr 2025<\/span><\/strong><\/p>\n\n\n\n<ul class=\"wp-block-list\">\n<li>11.03.2025 &#8211; B\u00fcrgersprechstunde<\/li>\n\n\n\n<li>17.03.2025 &#8211; KulturCaf\u00e9 &#8211; Beginn 15 Uhr<\/li>\n\n\n\n<li>28.03.2025 &#8211; Dorfabend<\/li>\n\n\n\n<li>31.03.2025 &#8211; KulturCaf\u00e9 &#8211;&nbsp;Beginn <strong>16<\/strong> Uhr<\/li>\n\n\n\n<li>08.04.2025 &#8211; B\u00fcrgersprechstunde<\/li>\n\n\n\n<li>14.04.2025 &#8211; KulturCaf\u00e9 &#8211;&nbsp;Beginn <strong>16<\/strong> Uhr<\/li>\n\n\n\n<li>19.04.2025 &#8211; Osterfeuer SuS Merklinde<\/li>\n\n\n\n<li>28.04.2025 &#8211; KulturCaf\u00e9 &#8211;&nbsp;Beginn <strong>16<\/strong> Uhr<\/li>\n\n\n\n<li>13.05.2025 &#8211; B\u00fcrgersprechstunde<\/li>\n\n\n\n<li>19.05.2025 &#8211; KulturCaf\u00e9&nbsp;&#8211;&nbsp;Beginn <strong>16<\/strong> Uhr<\/li>\n\n\n\n<li>30.05.2025 &#8211; Dorfabend<\/li>\n\n\n\n<li>02.06.2025 &#8211; KulturCaf\u00e9 &#8211;&nbsp;Beginn <strong>16<\/strong> Uhr<\/li>\n\n\n\n<li>10.06.2025 &#8211; B\u00fcrgersprechstunde<\/li>\n\n\n\n<li>16.06.2025 &#8211; KulturCaf\u00e9 &#8211;&nbsp;Beginn <strong>16<\/strong> Uhr<\/li>\n\n\n\n<li>27.06.2025 &#8211; Dorfabend<\/li>\n\n\n\n<li>30.06.2025 &#8211; KulturCaf\u00e9 &#8211;&nbsp;Beginn <strong>16<\/strong> Uhr<\/li>\n<\/ul>\n\n\n\n<p>Die Dorfabende finden&nbsp;<strong>ab 19 Uhr<\/strong> im Vereinsheim des SuS Merklinde statt.<\/p>\n\n\n\n<p>Das KulturCaf\u00e9 findet im Begegnungszentrum Merklinde statt. <i>Sonderveranstaltungen werden extra angek\u00fcndigt<\/i><\/p>\n\n\n\n<p>Wir freuen uns auf Euren Besuch!<\/p>\n\n\n\n<p><\/p>\n","protected":false},"excerpt":{"rendered":"<p>Auch in 2025 finden unsere regelm\u00e4\u00dfigen Dorfabende und unser KulturCaf\u00e9 wieder statt. Diese Termine und weitere Termine und Veranstaltungen findet ihr in der Termin\u00fcbersicht. Termine f\u00fcr 2025 Die Dorfabende finden&nbsp;ab &hellip; <\/p>\n<p class=\"link-more\"><a href=\"https:\/\/wir-sind-merklinde.de\/?p=436\" class=\"more-link\"><span class=\"screen-reader-text\">\u201eTermin\u00fcbersicht f\u00fcr 2025 &#8211; 1. Halbjahr\u201c <\/span>weiterlesen<\/a><\/p>\n","protected":false},"author":1,"featured_media":0,"comment_status":"closed","ping_status":"closed","sticky":false,"template":"","format":"standard","meta":{"_jetpack_memberships_contains_paid_content":false,"footnotes":""},"categories":[1],"tags":[],"class_list":["post-436","post","type-post","status-publish","format-standard","hentry","category-allgemein"],"jetpack_featured_media_url":"","jetpack_sharing_enabled":true,"_links":{"self":[{"href":"https:\/\/wir-sind-merklinde.de\/index.php?rest_route=\/wp\/v2\/posts\/436","targetHints":{"allow":["GET"]}}],"collection":[{"href":"https:\/\/wir-sind-merklinde.de\/index.php?rest_route=\/wp\/v2\/posts"}],"about":[{"href":"https:\/\/wir-sind-merklinde.de\/index.php?rest_route=\/wp\/v2\/types\/post"}],"author":[{"embeddable":true,"href":"https:\/\/wir-sind-merklinde.de\/index.php?rest_route=\/wp\/v2\/users\/1"}],"replies":[{"embeddable":true,"href":"https:\/\/wir-sind-merklinde.de\/index.php?rest_route=%2Fwp%2Fv2%2Fcomments&post=436"}],"version-history":[{"count":76,"href":"https:\/\/wir-sind-merklinde.de\/index.php?rest_route=\/wp\/v2\/posts\/436\/revisions"}],"predecessor-version":[{"id":1526,"href":"https:\/\/wir-sind-merklinde.de\/index.php?rest_route=\/wp\/v2\/posts\/436\/revisions\/1526"}],"wp:attachment":[{"href":"https:\/\/wir-sind-merklinde.de\/index.php?rest_route=%2Fwp%2Fv2%2Fmedia&parent=436"}],"wp:term":[{"taxonomy":"category","embeddable":true,"href":"https:\/\/wir-sind-merklinde.de\/index.php?rest_route=%2Fwp%2Fv2%2Fcategories&post=436"},{"taxonomy":"post_tag","embeddable":true,"href":"https:\/\/wir-sind-merklinde.de\/index.php?rest_route=%2Fwp%2Fv2%2Ftags&post=436"}],"curies":[{"name":"wp","href":"https:\/\/api.w.org\/{rel}","templated":true}]}}